{"id":18003,"date":"2023-01-19T13:59:00","date_gmt":"2023-01-19T13:59:00","guid":{"rendered":"https:\/\/wekan.ma\/2023\/01\/19\/marrakech-n1\/"},"modified":"2023-01-19T13:59:00","modified_gmt":"2023-01-19T13:59:00","slug":"marrakech-n1","status":"publish","type":"post","link":"https:\/\/wekan.ma\/en\/2023\/01\/19\/marrakech-n1\/","title":{"rendered":"Marrakech N\u00b01"},"content":{"rendered":"<h2 class=\"article-intro\">Apr\u00e8s deux ann\u00e9es de pand\u00e9mie, les Fran\u00e7ais ont beaucoup repris l\u2019avion en 2022. Un classement r\u00e9v\u00e8le leurs destinations privil\u00e9gi\u00e9es de l\u2019ann\u00e9e \u00e9coul\u00e9e.<\/h2>\n<p>Et la grande gagnante est\u2026\u00a0<a href=\"https:\/\/www.capital.fr\/conso\/marrakech-lisbonne-ces-destinations-dont-le-prix-est-en-baisse-1390153\">Marrakech<\/a>. La ville marocaine arrive en premi\u00e8re position d\u2019un classement des destinations les plus pl\u00e9biscit\u00e9es par les Fran\u00e7ais, \u00e9tabli par le comparateur de voyage Liligo et\u00a0<a href=\"https:\/\/www.air-journal.fr\/2023-01-15-tourisme-les-destinations-plebiscitees-des-francais-en-2022-5245706.html\" target=\"_blank\" rel=\"nofollow noopener\">relay\u00e9 par Air Journal<\/a>. Une destination pas trop \u00e9loign\u00e9e de la France, mais n\u00e9anmoins d\u00e9paysante, et dont le prix des billets pour s\u2019y rendre a baiss\u00e9 de 35% par rapport \u00e0 l\u2019avant-pand\u00e9mie. Sur le podium, on retrouve derri\u00e8re Marrakech les deux plus grandes villes du\u00a0<a href=\"https:\/\/www.capital.fr\/economie-politique\/le-portugal-confronte-a-sa-plus-forte-inflation-depuis-presque-30-ans-1443703\">Portugal<\/a>,\u00a0<a href=\"https:\/\/www.capital.fr\/conso\/barcelone-lisbonne-milan-la-grosse-promo-dair-france-pour-lete-1404247\">Lisbonne\u00a0<\/a>et\u00a0<a href=\"https:\/\/www.capital.fr\/conso\/porto-budapest-istanbulvoici-les-15-destinations-les-plus-abordables-en-2022-1428221\">Porto<\/a>, respectivement deuxi\u00e8me et troisi\u00e8me.<\/p>\n<p>Un peu plus loin dans le classement, on retrouve en cinqui\u00e8me position la ville de\u00a0<a href=\"https:\/\/www.capital.fr\/entreprises-marches\/sncf-une-nouvelle-offre-de-tgv-entre-paris-et-barcelone-1454527\">Barcelone<\/a>. Les r\u00e9gions fran\u00e7aises d\u2019outre-mer ont, elles, toujours la cote : Saint-Denis (La R\u00e9union), Pointe-\u00e0-Pitre (Guadeloupe) et Fort-de-France (Martinique) se classent respectivement sixi\u00e8me, septi\u00e8me et dixi\u00e8me. Autre destination lointaine : Montr\u00e9al, au\u00a0<a href=\"https:\/\/www.capital.fr\/immobilier\/canada-les-etrangers-ont-linterdiction-dacheter-des-logements-jusquen-2025-1456132\">Canada<\/a>, se classe en neuvi\u00e8me position. Plus pr\u00e8s de nous, Nice (huiti\u00e8me) est la seule ville de France m\u00e9tropolitaine \u00e0 se placer dans les dix destinations les plus privil\u00e9gi\u00e9es.<\/p>\n<p>Source : Capital.fr &#8211; Robin Servais<\/p>\n","protected":false},"excerpt":{"rendered":"<p>Apr\u00e8s deux ann\u00e9es de pand\u00e9mie, les Fran\u00e7ais ont beaucoup repris l\u2019avion en 2022. Un classement r\u00e9v\u00e8le leurs destinations privil\u00e9gi\u00e9es de l\u2019ann\u00e9e \u00e9coul\u00e9e. Et la grande gagnante est\u2026\u00a0Marrakech. La ville marocaine arrive en premi\u00e8re position d\u2019un classement des destinations les plus pl\u00e9biscit\u00e9es par les Fran\u00e7ais, \u00e9tabli par le comparateur de voyage Liligo et\u00a0relay\u00e9 par Air Journal. [&hellip;]<\/p>\n","protected":false},"author":63,"featured_media":0,"comment_status":"","ping_status":"open","sticky":false,"template":"","format":"standard","meta":{"_monsterinsights_skip_tracking":false,"_monsterinsights_sitenote_active":false,"_monsterinsights_sitenote_note":"","_monsterinsights_sitenote_category":0},"categories":[167],"tags":[],"actu_active":[166],"acf":[],"_links":{"self":[{"href":"https:\/\/wekan.ma\/en\/wp-json\/wp\/v2\/posts\/18003"}],"collection":[{"href":"https:\/\/wekan.ma\/en\/wp-json\/wp\/v2\/posts"}],"about":[{"href":"https:\/\/wekan.ma\/en\/wp-json\/wp\/v2\/types\/post"}],"author":[{"embeddable":true,"href":"https:\/\/wekan.ma\/en\/wp-json\/wp\/v2\/users\/63"}],"replies":[{"embeddable":true,"href":"https:\/\/wekan.ma\/en\/wp-json\/wp\/v2\/comments?post=18003"}],"version-history":[{"count":0,"href":"https:\/\/wekan.ma\/en\/wp-json\/wp\/v2\/posts\/18003\/revisions"}],"wp:attachment":[{"href":"https:\/\/wekan.ma\/en\/wp-json\/wp\/v2\/media?parent=18003"}],"wp:term":[{"taxonomy":"category","embeddable":true,"href":"https:\/\/wekan.ma\/en\/wp-json\/wp\/v2\/categories?post=18003"},{"taxonomy":"post_tag","embeddable":true,"href":"https:\/\/wekan.ma\/en\/wp-json\/wp\/v2\/tags?post=18003"},{"taxonomy":"actu_active","embeddable":true,"href":"https:\/\/wekan.ma\/en\/wp-json\/wp\/v2\/actu_active?post=18003"}],"curies":[{"name":"wp","href":"https:\/\/api.w.org\/{rel}","templated":true}]}}