{"id":20116,"date":"2024-10-07T17:19:00","date_gmt":"2024-10-07T17:19:00","guid":{"rendered":"https:\/\/wekan.ma\/2024\/10\/07\/un-tunnel-entre-lespagne-et-le-maroc\/"},"modified":"2024-10-07T17:41:00","modified_gmt":"2024-10-07T17:41:00","slug":"un-tunnel-entre-lespagne-et-le-maroc","status":"publish","type":"post","link":"https:\/\/wekan.ma\/en\/2024\/10\/07\/un-tunnel-entre-lespagne-et-le-maroc\/","title":{"rendered":"Tunnel entre l\u2019Espagne et le Maroc : le projet relanc\u00e9 ?"},"content":{"rendered":"<h2 class=\"access\">2024 : la renaissance du tunnel entre l\u2019Espagne et le Maroc ?En\u00a0<b>2024<\/b>, le projet de tunnel sous-marin entre l&#8217;Espagne et le Maroc a connu une\u00a0<b>relance significative<\/b>.<\/p>\n<p>Les gouvernements des deux pays ont renouvel\u00e9 leur engagement envers ce projet, notamment dans le contexte de leur d\u00e9signation avec le Portugal pour co-organiser la\u00a0<b>Coupe du Monde de la FIFA en 2030<\/b>.<\/p>\n<p>Cette \u00e9ch\u00e9ance a stimul\u00e9\u00a0<b>l&#8217;acc\u00e9l\u00e9ration des \u00e9tudes de faisabilit\u00e9<\/b>, visant \u00e0 explorer les aspects techniques et financiers du tunnel.<\/p>\n<p>Selon le journal espagnol\u00a0<a class=\"liens\" href=\"https:\/\/www.elindependiente.com\/espana\/2024\/03\/17\/espana-revive-el-proyecto-del-tunel-del-estrecho-una-obra-faraonica-para-conectarse-con-marruecos\/\" target=\"_blank\" rel=\"noopener\" data-kmt=\"1\">El Independiente<\/a>, le projet \u00e9tait \u00e9valu\u00e9 \u00e0 un co\u00fbt de\u00a0<b>13 milliards d\u2019euros il y a 30 ans\u00a0<\/b>et pourrait doubler de nos jours pour\u00a0<b>s\u2019approcher des 30 milliards d\u2019euros<\/b>. Le projet fait face \u00e0 des d\u00e9fis notables, notamment la complexit\u00e9 g\u00e9ologique du site, marqu\u00e9 par des\u00a0<b>failles sismiques actives<\/b>. N\u00e9anmoins, des efforts coordonn\u00e9s sont en cours pour surmonter ces obstacles, avec des consultations impliquant des\u00a0<b>experts internationaux<\/b>.<\/h2>\n<p>Publi\u00e9 par Manon MorelliR\u00e9dactrice web &#8211; TourMaG.com<\/p>\n","protected":false},"excerpt":{"rendered":"<p>2024 : la renaissance du tunnel entre l\u2019Espagne et le Maroc ?En\u00a02024, le projet de tunnel sous-marin entre l&#8217;Espagne et le Maroc a connu une\u00a0relance significative. Les gouvernements des deux pays ont renouvel\u00e9 leur engagement envers ce projet, notamment dans le contexte de leur d\u00e9signation avec le Portugal pour co-organiser la\u00a0Coupe du Monde de la [&hellip;]<\/p>\n","protected":false},"author":62,"featured_media":20120,"comment_status":"closed","ping_status":"open","sticky":false,"template":"","format":"standard","meta":{"_monsterinsights_skip_tracking":false,"_monsterinsights_sitenote_active":false,"_monsterinsights_sitenote_note":"","_monsterinsights_sitenote_category":0},"categories":[167],"tags":[],"actu_active":[166],"acf":[],"_links":{"self":[{"href":"https:\/\/wekan.ma\/en\/wp-json\/wp\/v2\/posts\/20116"}],"collection":[{"href":"https:\/\/wekan.ma\/en\/wp-json\/wp\/v2\/posts"}],"about":[{"href":"https:\/\/wekan.ma\/en\/wp-json\/wp\/v2\/types\/post"}],"author":[{"embeddable":true,"href":"https:\/\/wekan.ma\/en\/wp-json\/wp\/v2\/users\/62"}],"replies":[{"embeddable":true,"href":"https:\/\/wekan.ma\/en\/wp-json\/wp\/v2\/comments?post=20116"}],"version-history":[{"count":0,"href":"https:\/\/wekan.ma\/en\/wp-json\/wp\/v2\/posts\/20116\/revisions"}],"wp:featuredmedia":[{"embeddable":true,"href":"https:\/\/wekan.ma\/en\/wp-json\/wp\/v2\/media\/20120"}],"wp:attachment":[{"href":"https:\/\/wekan.ma\/en\/wp-json\/wp\/v2\/media?parent=20116"}],"wp:term":[{"taxonomy":"category","embeddable":true,"href":"https:\/\/wekan.ma\/en\/wp-json\/wp\/v2\/categories?post=20116"},{"taxonomy":"post_tag","embeddable":true,"href":"https:\/\/wekan.ma\/en\/wp-json\/wp\/v2\/tags?post=20116"},{"taxonomy":"actu_active","embeddable":true,"href":"https:\/\/wekan.ma\/en\/wp-json\/wp\/v2\/actu_active?post=20116"}],"curies":[{"name":"wp","href":"https:\/\/api.w.org\/{rel}","templated":true}]}}